{"id":317,"date":"2025-05-14T13:08:33","date_gmt":"2025-05-14T16:08:33","guid":{"rendered":"https:\/\/pardinho.sp.gov.br\/portal\/?p=317"},"modified":"2025-05-19T13:15:24","modified_gmt":"2025-05-19T16:15:24","slug":"pardinho-recebe-seu-maior-investimento-industrial-com-nova-unidade-da-carolina-soil","status":"publish","type":"post","link":"https:\/\/pardinho.sp.gov.br\/portal\/pardinho-recebe-seu-maior-investimento-industrial-com-nova-unidade-da-carolina-soil\/","title":{"rendered":"Pardinho recebe seu maior investimento industrial com nova unidade da Carolina Soil"},"content":{"rendered":"<p>Na \u00faltima segunda-feira, 12 de maio, o munic\u00edpio de Pardinho viveu um momento hist\u00f3rico para o desenvolvimento econ\u00f4mico da cidade. A alta c\u00fapula da empresa Carolina Soil, vinda diretamente da Dinamarca, foi recebida no munic\u00edpio para a cerim\u00f4nia de corte de faixa e lan\u00e7amento da pedra fundamental da nova unidade industrial da empresa.<br \/>\n\u2800<br \/>\nCom um investimento previsto de R$150 milh\u00f5es, essa ser\u00e1 a maior f\u00e1brica j\u00e1 constru\u00edda pela empresa no Brasil e o maior investimento privado j\u00e1 registrado na hist\u00f3ria do munic\u00edpio de Pardinho. A nova unidade dever\u00e1 gerar empregos diretos e indiretos, movimentar o com\u00e9rcio local e impulsionar toda a cadeia produtiva regional.<br \/>\n\u2800<br \/>\nA Carolina Soil j\u00e1 possui uma planta instalada em Pardinho, e agora, amplia sua confian\u00e7a na cidade com esse novo e audacioso projeto.<br \/>\n\u2800<br \/>\nA Prefeitura de Pardinho segue empenhada em garantir infraestrutura, apoio institucional e seguran\u00e7a jur\u00eddica para atrair novas empresas e fortalecer as que j\u00e1 est\u00e3o em nosso territ\u00f3rio.<br \/>\n\u2800<br \/>\nEsse novo ciclo de crescimento industrial representa n\u00e3o apenas um avan\u00e7o econ\u00f4mico, mas tamb\u00e9m a reafirma\u00e7\u00e3o do nosso compromisso com o futuro da cidade, a gera\u00e7\u00e3o de renda e a qualidade de vida da popula\u00e7\u00e3o.<br \/>\n\u2800<br \/>\nSeguimos avan\u00e7ando, com trabalho, responsabilidade e vis\u00e3o de futuro.<br \/>\n\u2800<br \/>\nPrefeitura de Pardinho \u2013 Reconstruindo o Amanh\u00e3.<\/p>\n<div class=\"w-gallery fit_cover wp_gallery type_grid action_popup_image ratio_1x1 count_12\" style=\"--columns:4;--items-gap:8px;\"><div class=\"w-gallery-list\"><div class=\"w-gallery-item\"><div class=\"w-gallery-item-img\"><img loading=\"lazy\" decoding=\"async\" width=\"150\" height=\"150\" src=\"https:\/\/pardinho.sp.gov.br\/portal\/wp-content\/uploads\/2025\/05\/WhatsApp-Image-2025-05-19-at-10.26.03-150x150.jpeg\" class=\"attachment-thumbnail size-thumbnail\" alt=\"\" \/><\/div><a class=\"w-gallery-item-link\" aria-label=\"WhatsApp Image 2025-05-19 at 10.26.03\" href=\"https:\/\/pardinho.sp.gov.br\/portal\/wp-content\/uploads\/2025\/05\/WhatsApp-Image-2025-05-19-at-10.26.03.jpeg\" title=\"WhatsApp Image 2025-05-19 at 10.26.03\"><\/a><\/div><div class=\"w-gallery-item\"><div class=\"w-gallery-item-img\"><img loading=\"lazy\" decoding=\"async\" width=\"150\" height=\"150\" src=\"https:\/\/pardinho.sp.gov.br\/portal\/wp-content\/uploads\/2025\/05\/WhatsApp-Image-2025-05-19-at-10.26.02-4-150x150.jpeg\" class=\"attachment-thumbnail size-thumbnail\" alt=\"\" \/><\/div><a class=\"w-gallery-item-link\" aria-label=\"WhatsApp Image 2025-05-19 at 10.26.02 (4)\" href=\"https:\/\/pardinho.sp.gov.br\/portal\/wp-content\/uploads\/2025\/05\/WhatsApp-Image-2025-05-19-at-10.26.02-4.jpeg\" title=\"WhatsApp Image 2025-05-19 at 10.26.02 (4)\"><\/a><\/div><div class=\"w-gallery-item\"><div class=\"w-gallery-item-img\"><img loading=\"lazy\" decoding=\"async\" width=\"150\" height=\"150\" src=\"https:\/\/pardinho.sp.gov.br\/portal\/wp-content\/uploads\/2025\/05\/WhatsApp-Image-2025-05-19-at-10.26.02-3-150x150.jpeg\" class=\"attachment-thumbnail size-thumbnail\" alt=\"\" \/><\/div><a class=\"w-gallery-item-link\" aria-label=\"WhatsApp Image 2025-05-19 at 10.26.02 (3)\" href=\"https:\/\/pardinho.sp.gov.br\/portal\/wp-content\/uploads\/2025\/05\/WhatsApp-Image-2025-05-19-at-10.26.02-3.jpeg\" title=\"WhatsApp Image 2025-05-19 at 10.26.02 (3)\"><\/a><\/div><div class=\"w-gallery-item\"><div class=\"w-gallery-item-img\"><img loading=\"lazy\" decoding=\"async\" width=\"150\" height=\"150\" src=\"https:\/\/pardinho.sp.gov.br\/portal\/wp-content\/uploads\/2025\/05\/WhatsApp-Image-2025-05-19-at-10.26.02-2-150x150.jpeg\" class=\"attachment-thumbnail size-thumbnail\" alt=\"\" \/><\/div><a class=\"w-gallery-item-link\" aria-label=\"WhatsApp Image 2025-05-19 at 10.26.02 (2)\" href=\"https:\/\/pardinho.sp.gov.br\/portal\/wp-content\/uploads\/2025\/05\/WhatsApp-Image-2025-05-19-at-10.26.02-2.jpeg\" title=\"WhatsApp Image 2025-05-19 at 10.26.02 (2)\"><\/a><\/div><div class=\"w-gallery-item\"><div class=\"w-gallery-item-img\"><img loading=\"lazy\" decoding=\"async\" width=\"150\" height=\"150\" src=\"https:\/\/pardinho.sp.gov.br\/portal\/wp-content\/uploads\/2025\/05\/WhatsApp-Image-2025-05-19-at-10.26.02-1-150x150.jpeg\" class=\"attachment-thumbnail size-thumbnail\" alt=\"\" \/><\/div><a class=\"w-gallery-item-link\" aria-label=\"WhatsApp Image 2025-05-19 at 10.26.02 (1)\" href=\"https:\/\/pardinho.sp.gov.br\/portal\/wp-content\/uploads\/2025\/05\/WhatsApp-Image-2025-05-19-at-10.26.02-1.jpeg\" title=\"WhatsApp Image 2025-05-19 at 10.26.02 (1)\"><\/a><\/div><div class=\"w-gallery-item\"><div class=\"w-gallery-item-img\"><img loading=\"lazy\" decoding=\"async\" width=\"150\" height=\"150\" src=\"https:\/\/pardinho.sp.gov.br\/portal\/wp-content\/uploads\/2025\/05\/WhatsApp-Image-2025-05-19-at-10.26.02-150x150.jpeg\" class=\"attachment-thumbnail size-thumbnail\" alt=\"\" \/><\/div><a class=\"w-gallery-item-link\" aria-label=\"WhatsApp Image 2025-05-19 at 10.26.02\" href=\"https:\/\/pardinho.sp.gov.br\/portal\/wp-content\/uploads\/2025\/05\/WhatsApp-Image-2025-05-19-at-10.26.02.jpeg\" title=\"WhatsApp Image 2025-05-19 at 10.26.02\"><\/a><\/div><div class=\"w-gallery-item\"><div class=\"w-gallery-item-img\"><img loading=\"lazy\" decoding=\"async\" width=\"150\" height=\"150\" src=\"https:\/\/pardinho.sp.gov.br\/portal\/wp-content\/uploads\/2025\/05\/WhatsApp-Image-2025-05-19-at-10.26.01-3-150x150.jpeg\" class=\"attachment-thumbnail size-thumbnail\" alt=\"\" \/><\/div><a class=\"w-gallery-item-link\" aria-label=\"WhatsApp Image 2025-05-19 at 10.26.01 (3)\" href=\"https:\/\/pardinho.sp.gov.br\/portal\/wp-content\/uploads\/2025\/05\/WhatsApp-Image-2025-05-19-at-10.26.01-3.jpeg\" title=\"WhatsApp Image 2025-05-19 at 10.26.01 (3)\"><\/a><\/div><div class=\"w-gallery-item\"><div class=\"w-gallery-item-img\"><img loading=\"lazy\" decoding=\"async\" width=\"150\" height=\"150\" src=\"https:\/\/pardinho.sp.gov.br\/portal\/wp-content\/uploads\/2025\/05\/WhatsApp-Image-2025-05-19-at-10.26.01-2-150x150.jpeg\" class=\"attachment-thumbnail size-thumbnail\" alt=\"\" \/><\/div><a class=\"w-gallery-item-link\" aria-label=\"WhatsApp Image 2025-05-19 at 10.26.01 (2)\" href=\"https:\/\/pardinho.sp.gov.br\/portal\/wp-content\/uploads\/2025\/05\/WhatsApp-Image-2025-05-19-at-10.26.01-2.jpeg\" title=\"WhatsApp Image 2025-05-19 at 10.26.01 (2)\"><\/a><\/div><div class=\"w-gallery-item\"><div class=\"w-gallery-item-img\"><img loading=\"lazy\" decoding=\"async\" width=\"150\" height=\"150\" src=\"https:\/\/pardinho.sp.gov.br\/portal\/wp-content\/uploads\/2025\/05\/WhatsApp-Image-2025-05-19-at-10.26.01-1-150x150.jpeg\" class=\"attachment-thumbnail size-thumbnail\" alt=\"\" \/><\/div><a class=\"w-gallery-item-link\" aria-label=\"WhatsApp Image 2025-05-19 at 10.26.01 (1)\" href=\"https:\/\/pardinho.sp.gov.br\/portal\/wp-content\/uploads\/2025\/05\/WhatsApp-Image-2025-05-19-at-10.26.01-1.jpeg\" title=\"WhatsApp Image 2025-05-19 at 10.26.01 (1)\"><\/a><\/div><div class=\"w-gallery-item\"><div class=\"w-gallery-item-img\"><img loading=\"lazy\" decoding=\"async\" width=\"150\" height=\"150\" src=\"https:\/\/pardinho.sp.gov.br\/portal\/wp-content\/uploads\/2025\/05\/WhatsApp-Image-2025-05-19-at-10.26.01-150x150.jpeg\" class=\"attachment-thumbnail size-thumbnail\" alt=\"\" \/><\/div><a class=\"w-gallery-item-link\" aria-label=\"WhatsApp Image 2025-05-19 at 10.26.01\" href=\"https:\/\/pardinho.sp.gov.br\/portal\/wp-content\/uploads\/2025\/05\/WhatsApp-Image-2025-05-19-at-10.26.01.jpeg\" title=\"WhatsApp Image 2025-05-19 at 10.26.01\"><\/a><\/div><div class=\"w-gallery-item\"><div class=\"w-gallery-item-img\"><img loading=\"lazy\" decoding=\"async\" width=\"150\" height=\"150\" src=\"https:\/\/pardinho.sp.gov.br\/portal\/wp-content\/uploads\/2025\/05\/WhatsApp-Image-2025-05-19-at-10.26.00-1-150x150.jpeg\" class=\"attachment-thumbnail size-thumbnail\" alt=\"\" \/><\/div><a class=\"w-gallery-item-link\" aria-label=\"WhatsApp Image 2025-05-19 at 10.26.00 (1)\" href=\"https:\/\/pardinho.sp.gov.br\/portal\/wp-content\/uploads\/2025\/05\/WhatsApp-Image-2025-05-19-at-10.26.00-1.jpeg\" title=\"WhatsApp Image 2025-05-19 at 10.26.00 (1)\"><\/a><\/div><div class=\"w-gallery-item\"><div class=\"w-gallery-item-img\"><img loading=\"lazy\" decoding=\"async\" width=\"150\" height=\"150\" src=\"https:\/\/pardinho.sp.gov.br\/portal\/wp-content\/uploads\/2025\/05\/WhatsApp-Image-2025-05-19-at-10.26.00-150x150.jpeg\" class=\"attachment-thumbnail size-thumbnail\" alt=\"\" \/><\/div><a class=\"w-gallery-item-link\" aria-label=\"WhatsApp Image 2025-05-19 at 10.26.00\" href=\"https:\/\/pardinho.sp.gov.br\/portal\/wp-content\/uploads\/2025\/05\/WhatsApp-Image-2025-05-19-at-10.26.00.jpeg\" title=\"WhatsApp Image 2025-05-19 at 10.26.00\"><\/a><\/div><\/div><\/div>\n","protected":false},"excerpt":{"rendered":"<p>Na \u00faltima segunda-feira, 12 de maio, o munic\u00edpio de Pardinho viveu um momento hist\u00f3rico para o desenvolvimento econ\u00f4mico da cidade. A alta c\u00fapula da empresa Carolina Soil, vinda diretamente da Dinamarca, foi recebida no munic\u00edpio para a cerim\u00f4nia de corte de faixa e lan\u00e7amento da pedra fundamental da nova unidade industrial da empresa. \u2800 Com&#8230;<\/p>\n","protected":false},"author":1,"featured_media":328,"comment_status":"open","ping_status":"open","sticky":false,"template":"","format":"standard","meta":{"footnotes":""},"categories":[3],"tags":[],"class_list":["post-317","post","type-post","status-publish","format-standard","has-post-thumbnail","hentry","category-noticias"],"_links":{"self":[{"href":"https:\/\/pardinho.sp.gov.br\/portal\/wp-json\/wp\/v2\/posts\/317","targetHints":{"allow":["GET"]}}],"collection":[{"href":"https:\/\/pardinho.sp.gov.br\/portal\/wp-json\/wp\/v2\/posts"}],"about":[{"href":"https:\/\/pardinho.sp.gov.br\/portal\/wp-json\/wp\/v2\/types\/post"}],"author":[{"embeddable":true,"href":"https:\/\/pardinho.sp.gov.br\/portal\/wp-json\/wp\/v2\/users\/1"}],"replies":[{"embeddable":true,"href":"https:\/\/pardinho.sp.gov.br\/portal\/wp-json\/wp\/v2\/comments?post=317"}],"version-history":[{"count":1,"href":"https:\/\/pardinho.sp.gov.br\/portal\/wp-json\/wp\/v2\/posts\/317\/revisions"}],"predecessor-version":[{"id":330,"href":"https:\/\/pardinho.sp.gov.br\/portal\/wp-json\/wp\/v2\/posts\/317\/revisions\/330"}],"wp:featuredmedia":[{"embeddable":true,"href":"https:\/\/pardinho.sp.gov.br\/portal\/wp-json\/wp\/v2\/media\/328"}],"wp:attachment":[{"href":"https:\/\/pardinho.sp.gov.br\/portal\/wp-json\/wp\/v2\/media?parent=317"}],"wp:term":[{"taxonomy":"category","embeddable":true,"href":"https:\/\/pardinho.sp.gov.br\/portal\/wp-json\/wp\/v2\/categories?post=317"},{"taxonomy":"post_tag","embeddable":true,"href":"https:\/\/pardinho.sp.gov.br\/portal\/wp-json\/wp\/v2\/tags?post=317"}],"curies":[{"name":"wp","href":"https:\/\/api.w.org\/{rel}","templated":true}]}}