{"id":331,"date":"2025-05-19T13:21:10","date_gmt":"2025-05-19T16:21:10","guid":{"rendered":"https:\/\/pardinho.sp.gov.br\/portal\/?p=331"},"modified":"2025-05-19T13:21:40","modified_gmt":"2025-05-19T16:21:40","slug":"utirao-de-consultas-oftalmologicas-reforca-compromisso-com-a-saude-preventiva-em-pardinho","status":"publish","type":"post","link":"https:\/\/pardinho.sp.gov.br\/portal\/utirao-de-consultas-oftalmologicas-reforca-compromisso-com-a-saude-preventiva-em-pardinho\/","title":{"rendered":"Mutir\u00e3o de consultas oftalmol\u00f3gicas"},"content":{"rendered":"<p>Durante os meses de abril e maio, a Prefeitura de Pardinho, por meio da Diretoria Municipal de Sa\u00fade, realizou um mutir\u00e3o de consultas oftalmol\u00f3gicas com o objetivo de reduzir a fila de espera e garantir atendimento especializado \u00e0 popula\u00e7\u00e3o.<\/p>\n<p>Ao todo, foram realizados 295 exames de vista e 105 exames de fundo de olho, totalizando 400 atendimentos voltados \u00e0 sa\u00fade ocular. A a\u00e7\u00e3o teve como foco principal o diagn\u00f3stico precoce de altera\u00e7\u00f5es na vis\u00e3o, especialmente entre pacientes com maior vulnerabilidade, como os portadores de diabetes.<\/p>\n<p>A equipe de sa\u00fade destacou a import\u00e2ncia dos exames de fundo de olho para o acompanhamento adequado de doen\u00e7as oculares, principalmente em pessoas diab\u00e9ticas. Um caso registrado durante o mutir\u00e3o chamou a aten\u00e7\u00e3o: uma pessoa jovem foi diagnosticada com uma condi\u00e7\u00e3o grave e, gra\u00e7as \u00e0 agilidade do atendimento, foi encaminhada para cirurgia, o que evitou a perda total da vis\u00e3o.<\/p>\n<p>Esse exemplo refor\u00e7a o papel fundamental das campanhas e mutir\u00f5es preventivos promovidos pela administra\u00e7\u00e3o municipal. Al\u00e9m de ampliar o acesso \u00e0 sa\u00fade, essas iniciativas salvam vidas e garantem mais qualidade de vida \u00e0 popula\u00e7\u00e3o.<\/p>\n<p>A Prefeitura de Pardinho segue firme no compromisso com a sa\u00fade p\u00fablica, priorizando a\u00e7\u00f5es que promovem a preven\u00e7\u00e3o, o cuidado e a dignidade de todos os cidad\u00e3os.<\/p>\n<div class=\"w-gallery fit_cover wp_gallery type_grid action_popup_image ratio_1x1 count_6\" style=\"--columns:4;--items-gap:8px;\"><div class=\"w-gallery-list\"><div class=\"w-gallery-item\"><div class=\"w-gallery-item-img\"><img loading=\"lazy\" decoding=\"async\" width=\"150\" height=\"150\" src=\"https:\/\/pardinho.sp.gov.br\/portal\/wp-content\/uploads\/2025\/05\/WhatsApp-Image-2025-05-19-at-10.31.45-1-150x150.jpeg\" class=\"attachment-thumbnail size-thumbnail\" alt=\"\" srcset=\"https:\/\/pardinho.sp.gov.br\/portal\/wp-content\/uploads\/2025\/05\/WhatsApp-Image-2025-05-19-at-10.31.45-1-150x150.jpeg 150w, https:\/\/pardinho.sp.gov.br\/portal\/wp-content\/uploads\/2025\/05\/WhatsApp-Image-2025-05-19-at-10.31.45-1-300x300.jpeg 300w, https:\/\/pardinho.sp.gov.br\/portal\/wp-content\/uploads\/2025\/05\/WhatsApp-Image-2025-05-19-at-10.31.45-1-1024x1024.jpeg 1024w, https:\/\/pardinho.sp.gov.br\/portal\/wp-content\/uploads\/2025\/05\/WhatsApp-Image-2025-05-19-at-10.31.45-1.jpeg 1080w\" sizes=\"auto, (max-width: 150px) 100vw, 150px\" \/><\/div><a class=\"w-gallery-item-link\" aria-label=\"WhatsApp Image 2025-05-19 at 10.31.45 (1)\" href=\"https:\/\/pardinho.sp.gov.br\/portal\/wp-content\/uploads\/2025\/05\/WhatsApp-Image-2025-05-19-at-10.31.45-1.jpeg\" title=\"WhatsApp Image 2025-05-19 at 10.31.45 (1)\"><\/a><\/div><div class=\"w-gallery-item\"><div class=\"w-gallery-item-img\"><img loading=\"lazy\" decoding=\"async\" width=\"150\" height=\"150\" src=\"https:\/\/pardinho.sp.gov.br\/portal\/wp-content\/uploads\/2025\/05\/WhatsApp-Image-2025-05-19-at-10.31.45-150x150.jpeg\" class=\"attachment-thumbnail size-thumbnail\" alt=\"\" srcset=\"https:\/\/pardinho.sp.gov.br\/portal\/wp-content\/uploads\/2025\/05\/WhatsApp-Image-2025-05-19-at-10.31.45-150x150.jpeg 150w, https:\/\/pardinho.sp.gov.br\/portal\/wp-content\/uploads\/2025\/05\/WhatsApp-Image-2025-05-19-at-10.31.45-300x300.jpeg 300w, https:\/\/pardinho.sp.gov.br\/portal\/wp-content\/uploads\/2025\/05\/WhatsApp-Image-2025-05-19-at-10.31.45-1024x1024.jpeg 1024w, https:\/\/pardinho.sp.gov.br\/portal\/wp-content\/uploads\/2025\/05\/WhatsApp-Image-2025-05-19-at-10.31.45.jpeg 1080w\" sizes=\"auto, (max-width: 150px) 100vw, 150px\" \/><\/div><a class=\"w-gallery-item-link\" aria-label=\"WhatsApp Image 2025-05-19 at 10.31.45\" href=\"https:\/\/pardinho.sp.gov.br\/portal\/wp-content\/uploads\/2025\/05\/WhatsApp-Image-2025-05-19-at-10.31.45.jpeg\" title=\"WhatsApp Image 2025-05-19 at 10.31.45\"><\/a><\/div><div class=\"w-gallery-item\"><div class=\"w-gallery-item-img\"><img loading=\"lazy\" decoding=\"async\" width=\"150\" height=\"150\" src=\"https:\/\/pardinho.sp.gov.br\/portal\/wp-content\/uploads\/2025\/05\/WhatsApp-Image-2025-05-19-at-10.31.44-3-150x150.jpeg\" class=\"attachment-thumbnail size-thumbnail\" alt=\"\" srcset=\"https:\/\/pardinho.sp.gov.br\/portal\/wp-content\/uploads\/2025\/05\/WhatsApp-Image-2025-05-19-at-10.31.44-3-150x150.jpeg 150w, https:\/\/pardinho.sp.gov.br\/portal\/wp-content\/uploads\/2025\/05\/WhatsApp-Image-2025-05-19-at-10.31.44-3-300x300.jpeg 300w, https:\/\/pardinho.sp.gov.br\/portal\/wp-content\/uploads\/2025\/05\/WhatsApp-Image-2025-05-19-at-10.31.44-3-1024x1024.jpeg 1024w, https:\/\/pardinho.sp.gov.br\/portal\/wp-content\/uploads\/2025\/05\/WhatsApp-Image-2025-05-19-at-10.31.44-3.jpeg 1080w\" sizes=\"auto, (max-width: 150px) 100vw, 150px\" \/><\/div><a class=\"w-gallery-item-link\" aria-label=\"WhatsApp Image 2025-05-19 at 10.31.44 (3)\" href=\"https:\/\/pardinho.sp.gov.br\/portal\/wp-content\/uploads\/2025\/05\/WhatsApp-Image-2025-05-19-at-10.31.44-3.jpeg\" title=\"WhatsApp Image 2025-05-19 at 10.31.44 (3)\"><\/a><\/div><div class=\"w-gallery-item\"><div class=\"w-gallery-item-img\"><img loading=\"lazy\" decoding=\"async\" width=\"150\" height=\"150\" src=\"https:\/\/pardinho.sp.gov.br\/portal\/wp-content\/uploads\/2025\/05\/WhatsApp-Image-2025-05-19-at-10.31.44-2-150x150.jpeg\" class=\"attachment-thumbnail size-thumbnail\" alt=\"\" srcset=\"https:\/\/pardinho.sp.gov.br\/portal\/wp-content\/uploads\/2025\/05\/WhatsApp-Image-2025-05-19-at-10.31.44-2-150x150.jpeg 150w, https:\/\/pardinho.sp.gov.br\/portal\/wp-content\/uploads\/2025\/05\/WhatsApp-Image-2025-05-19-at-10.31.44-2-300x300.jpeg 300w, https:\/\/pardinho.sp.gov.br\/portal\/wp-content\/uploads\/2025\/05\/WhatsApp-Image-2025-05-19-at-10.31.44-2-1024x1024.jpeg 1024w, https:\/\/pardinho.sp.gov.br\/portal\/wp-content\/uploads\/2025\/05\/WhatsApp-Image-2025-05-19-at-10.31.44-2.jpeg 1080w\" sizes=\"auto, (max-width: 150px) 100vw, 150px\" \/><\/div><a class=\"w-gallery-item-link\" aria-label=\"WhatsApp Image 2025-05-19 at 10.31.44 (2)\" href=\"https:\/\/pardinho.sp.gov.br\/portal\/wp-content\/uploads\/2025\/05\/WhatsApp-Image-2025-05-19-at-10.31.44-2.jpeg\" title=\"WhatsApp Image 2025-05-19 at 10.31.44 (2)\"><\/a><\/div><div class=\"w-gallery-item\"><div class=\"w-gallery-item-img\"><img loading=\"lazy\" decoding=\"async\" width=\"150\" height=\"150\" src=\"https:\/\/pardinho.sp.gov.br\/portal\/wp-content\/uploads\/2025\/05\/WhatsApp-Image-2025-05-19-at-10.31.44-1-150x150.jpeg\" class=\"attachment-thumbnail size-thumbnail\" alt=\"\" srcset=\"https:\/\/pardinho.sp.gov.br\/portal\/wp-content\/uploads\/2025\/05\/WhatsApp-Image-2025-05-19-at-10.31.44-1-150x150.jpeg 150w, https:\/\/pardinho.sp.gov.br\/portal\/wp-content\/uploads\/2025\/05\/WhatsApp-Image-2025-05-19-at-10.31.44-1-300x300.jpeg 300w, https:\/\/pardinho.sp.gov.br\/portal\/wp-content\/uploads\/2025\/05\/WhatsApp-Image-2025-05-19-at-10.31.44-1-1024x1024.jpeg 1024w, https:\/\/pardinho.sp.gov.br\/portal\/wp-content\/uploads\/2025\/05\/WhatsApp-Image-2025-05-19-at-10.31.44-1.jpeg 1080w\" sizes=\"auto, (max-width: 150px) 100vw, 150px\" \/><\/div><a class=\"w-gallery-item-link\" aria-label=\"WhatsApp Image 2025-05-19 at 10.31.44 (1)\" href=\"https:\/\/pardinho.sp.gov.br\/portal\/wp-content\/uploads\/2025\/05\/WhatsApp-Image-2025-05-19-at-10.31.44-1.jpeg\" title=\"WhatsApp Image 2025-05-19 at 10.31.44 (1)\"><\/a><\/div><div class=\"w-gallery-item\"><div class=\"w-gallery-item-img\"><img loading=\"lazy\" decoding=\"async\" width=\"150\" height=\"150\" src=\"https:\/\/pardinho.sp.gov.br\/portal\/wp-content\/uploads\/2025\/05\/WhatsApp-Image-2025-05-19-at-10.31.44-150x150.jpeg\" class=\"attachment-thumbnail size-thumbnail\" alt=\"\" srcset=\"https:\/\/pardinho.sp.gov.br\/portal\/wp-content\/uploads\/2025\/05\/WhatsApp-Image-2025-05-19-at-10.31.44-150x150.jpeg 150w, https:\/\/pardinho.sp.gov.br\/portal\/wp-content\/uploads\/2025\/05\/WhatsApp-Image-2025-05-19-at-10.31.44-300x300.jpeg 300w, https:\/\/pardinho.sp.gov.br\/portal\/wp-content\/uploads\/2025\/05\/WhatsApp-Image-2025-05-19-at-10.31.44-1024x1024.jpeg 1024w, https:\/\/pardinho.sp.gov.br\/portal\/wp-content\/uploads\/2025\/05\/WhatsApp-Image-2025-05-19-at-10.31.44.jpeg 1080w\" sizes=\"auto, (max-width: 150px) 100vw, 150px\" \/><\/div><a class=\"w-gallery-item-link\" aria-label=\"WhatsApp Image 2025-05-19 at 10.31.44\" href=\"https:\/\/pardinho.sp.gov.br\/portal\/wp-content\/uploads\/2025\/05\/WhatsApp-Image-2025-05-19-at-10.31.44.jpeg\" title=\"WhatsApp Image 2025-05-19 at 10.31.44\"><\/a><\/div><\/div><\/div>\n","protected":false},"excerpt":{"rendered":"<p>Durante os meses de abril e maio, a Prefeitura de Pardinho, por meio da Diretoria Municipal de Sa\u00fade, realizou um mutir\u00e3o de consultas oftalmol\u00f3gicas com o objetivo de reduzir a fila de espera e garantir atendimento especializado \u00e0 popula\u00e7\u00e3o. Ao todo, foram realizados 295 exames de vista e 105 exames de fundo de olho, totalizando&#8230;<\/p>\n","protected":false},"author":1,"featured_media":334,"comment_status":"open","ping_status":"open","sticky":false,"template":"","format":"standard","meta":{"footnotes":""},"categories":[3,4],"tags":[],"class_list":["post-331","post","type-post","status-publish","format-standard","has-post-thumbnail","hentry","category-noticias","category-saude"],"_links":{"self":[{"href":"https:\/\/pardinho.sp.gov.br\/portal\/wp-json\/wp\/v2\/posts\/331","targetHints":{"allow":["GET"]}}],"collection":[{"href":"https:\/\/pardinho.sp.gov.br\/portal\/wp-json\/wp\/v2\/posts"}],"about":[{"href":"https:\/\/pardinho.sp.gov.br\/portal\/wp-json\/wp\/v2\/types\/post"}],"author":[{"embeddable":true,"href":"https:\/\/pardinho.sp.gov.br\/portal\/wp-json\/wp\/v2\/users\/1"}],"replies":[{"embeddable":true,"href":"https:\/\/pardinho.sp.gov.br\/portal\/wp-json\/wp\/v2\/comments?post=331"}],"version-history":[{"count":2,"href":"https:\/\/pardinho.sp.gov.br\/portal\/wp-json\/wp\/v2\/posts\/331\/revisions"}],"predecessor-version":[{"id":339,"href":"https:\/\/pardinho.sp.gov.br\/portal\/wp-json\/wp\/v2\/posts\/331\/revisions\/339"}],"wp:featuredmedia":[{"embeddable":true,"href":"https:\/\/pardinho.sp.gov.br\/portal\/wp-json\/wp\/v2\/media\/334"}],"wp:attachment":[{"href":"https:\/\/pardinho.sp.gov.br\/portal\/wp-json\/wp\/v2\/media?parent=331"}],"wp:term":[{"taxonomy":"category","embeddable":true,"href":"https:\/\/pardinho.sp.gov.br\/portal\/wp-json\/wp\/v2\/categories?post=331"},{"taxonomy":"post_tag","embeddable":true,"href":"https:\/\/pardinho.sp.gov.br\/portal\/wp-json\/wp\/v2\/tags?post=331"}],"curies":[{"name":"wp","href":"https:\/\/api.w.org\/{rel}","templated":true}]}}