{"id":368,"date":"2025-06-16T15:09:31","date_gmt":"2025-06-16T18:09:31","guid":{"rendered":"https:\/\/pardinho.sp.gov.br\/portal\/?p=368"},"modified":"2025-06-16T15:38:05","modified_gmt":"2025-06-16T18:38:05","slug":"prefeitura-de-pardinho-abre-processo-seletivo-com-vagas-para-diversas-areas","status":"publish","type":"post","link":"https:\/\/pardinho.sp.gov.br\/portal\/prefeitura-de-pardinho-abre-processo-seletivo-com-vagas-para-diversas-areas\/","title":{"rendered":"Prefeitura de Pardinho abre Processo Seletivo com vagas para diversas \u00e1reas"},"content":{"rendered":"<p>A Prefeitura Municipal de Pardinho abriu inscri\u00e7\u00f5es para o Processo Seletivo n\u00ba 001\/2025, com oportunidades em diferentes \u00e1reas da administra\u00e7\u00e3o p\u00fablica. O certame est\u00e1 sendo organizado pelo INEPAM (Instituto Nacional Especializado em Pesquisa e Apoio aos Munic\u00edpios) e as inscri\u00e7\u00f5es podem ser feitas entre os dias 16 e 27 de junho de 2025, exclusivamente pelo link abaixo:<\/p>\n<p><span><a href=\"https:\/\/inepam.org.br\/concurso\/concursoPaginaInterna.do?idInstituicao=36&amp;idConcurso=2\" target=\"_blank\" rel=\"noopener\"><b>https:\/\/inepam.org.br\/concurso\/concursoPaginaInterna.do?idInstituicao=36&amp;idConcurso=2<\/b><b><\/b><\/a><\/span><\/p>\n<p>O edital contempla vagas para os seguintes cargos:<\/p>\n<p>\u2022 Agente de Apoio Educacional<\/p>\n<p>\u2022 Agente de Combate de Endemias<\/p>\n<p>\u2022 Atendente de Farm\u00e1cia<\/p>\n<p>\u2022 Auxiliar de Creche<\/p>\n<p>\u2022 Enfermeiro<\/p>\n<p>\u2022 Motorista II<\/p>\n<p>\u2022 T\u00e9cnico de Enfermagem<\/p>\n<p>\u2022 Professor de Artes<\/p>\n<p>\u2022 Professor de Desenvolvimento Infantil<\/p>\n<p>\u2022 Professor de Educa\u00e7\u00e3o F\u00edsica<\/p>\n<p>\u2022 Professor de Educa\u00e7\u00e3o Infantil<\/p>\n<p>\u2022 Professor de Educa\u00e7\u00e3o Especial AEE<\/p>\n<p>\u2022 Professor PEB I<\/p>\n<p>\u2022 Professor PEB II \u2013 Ci\u00eancias<\/p>\n<p>\u2022 Professor PEB II \u2013 Geografia<\/p>\n<p>\u2022 Professor PEB II \u2013 Hist\u00f3ria<\/p>\n<p>\u2022 Professor PEB II \u2013 Ingl\u00eas<\/p>\n<p>\u2022 Professor PEB II \u2013 L\u00edngua Portuguesa<\/p>\n<p>\u2022 Professor PEB II \u2013 Matem\u00e1tica<\/p>\n<p>Os interessados devem acessar o site do INEPAM para ler o edital completo, realizar a inscri\u00e7\u00e3o e emitir o boleto de pagamento. O processo seletivo visa suprir demandas emergenciais da administra\u00e7\u00e3o, fortalecendo os servi\u00e7os p\u00fablicos e promovendo mais qualidade no atendimento \u00e0 popula\u00e7\u00e3o.<\/p>\n<p>&nbsp;<\/p>\n<p>&nbsp;<\/p>\n","protected":false},"excerpt":{"rendered":"<p>A Prefeitura Municipal de Pardinho abriu inscri\u00e7\u00f5es para o Processo Seletivo n\u00ba 001\/2025, com oportunidades em diferentes \u00e1reas da administra\u00e7\u00e3o p\u00fablica. O certame est\u00e1 sendo organizado pelo INEPAM (Instituto Nacional Especializado em Pesquisa e Apoio aos Munic\u00edpios) e as inscri\u00e7\u00f5es podem ser feitas entre os dias 16 e 27 de junho de 2025, exclusivamente pelo&#8230;<\/p>\n","protected":false},"author":1,"featured_media":370,"comment_status":"open","ping_status":"open","sticky":false,"template":"","format":"standard","meta":{"footnotes":""},"categories":[5,3],"tags":[],"class_list":["post-368","post","type-post","status-publish","format-standard","has-post-thumbnail","hentry","category-concursos","category-noticias"],"_links":{"self":[{"href":"https:\/\/pardinho.sp.gov.br\/portal\/wp-json\/wp\/v2\/posts\/368","targetHints":{"allow":["GET"]}}],"collection":[{"href":"https:\/\/pardinho.sp.gov.br\/portal\/wp-json\/wp\/v2\/posts"}],"about":[{"href":"https:\/\/pardinho.sp.gov.br\/portal\/wp-json\/wp\/v2\/types\/post"}],"author":[{"embeddable":true,"href":"https:\/\/pardinho.sp.gov.br\/portal\/wp-json\/wp\/v2\/users\/1"}],"replies":[{"embeddable":true,"href":"https:\/\/pardinho.sp.gov.br\/portal\/wp-json\/wp\/v2\/comments?post=368"}],"version-history":[{"count":11,"href":"https:\/\/pardinho.sp.gov.br\/portal\/wp-json\/wp\/v2\/posts\/368\/revisions"}],"predecessor-version":[{"id":385,"href":"https:\/\/pardinho.sp.gov.br\/portal\/wp-json\/wp\/v2\/posts\/368\/revisions\/385"}],"wp:featuredmedia":[{"embeddable":true,"href":"https:\/\/pardinho.sp.gov.br\/portal\/wp-json\/wp\/v2\/media\/370"}],"wp:attachment":[{"href":"https:\/\/pardinho.sp.gov.br\/portal\/wp-json\/wp\/v2\/media?parent=368"}],"wp:term":[{"taxonomy":"category","embeddable":true,"href":"https:\/\/pardinho.sp.gov.br\/portal\/wp-json\/wp\/v2\/categories?post=368"},{"taxonomy":"post_tag","embeddable":true,"href":"https:\/\/pardinho.sp.gov.br\/portal\/wp-json\/wp\/v2\/tags?post=368"}],"curies":[{"name":"wp","href":"https:\/\/api.w.org\/{rel}","templated":true}]}}