{"id":454,"date":"2025-10-03T13:52:56","date_gmt":"2025-10-03T16:52:56","guid":{"rendered":"https:\/\/pardinho.sp.gov.br\/portal\/?p=454"},"modified":"2025-10-03T13:53:52","modified_gmt":"2025-10-03T16:53:52","slug":"inscricoes-abertas-para-o-15o-fesmurp-festival-de-musica-raiz-de-pardinho","status":"publish","type":"post","link":"https:\/\/pardinho.sp.gov.br\/portal\/inscricoes-abertas-para-o-15o-fesmurp-festival-de-musica-raiz-de-pardinho\/","title":{"rendered":"Inscri\u00e7\u00f5es abertas para o 15\u00ba FESMURP \u2013 Festival de M\u00fasica Raiz de Pardinho"},"content":{"rendered":"<p>A Prefeitura Municipal de Pardinho, em parceria com o Instituto Jatob\u00e1s e Centro Max Feffer, sob dire\u00e7\u00e3o e produ\u00e7\u00e3o da Casa dos Caipiras, convida as duplas de todo o Brasil a participarem do 15\u00ba FESMURP &#8211; Festival de M\u00fasica Raiz de Pardinho, que ser\u00e1 realizado nos dias 31 de outubro, 1\u00ba e 2 de novembro de 2025.<\/p>\n<p>O festival, que j\u00e1 se consolidou como uma das maiores celebra\u00e7\u00f5es da m\u00fasica sertaneja raiz no pa\u00eds, abre espa\u00e7o para novos talentos e preserva a tradi\u00e7\u00e3o caipira que faz parte da identidade cultural do nosso interior.<\/p>\n<p>As inscri\u00e7\u00f5es estar\u00e3o abertas de 02 a 20 de outubro, exclusivamente pelo<\/p>\n<p><a href=\"https:\/\/wa.me\/5514996072023\">WhatsApp: (14) 99607-2023 (Bertinho).<\/a><\/p>\n<p>Com R$ 20 mil em premia\u00e7\u00f5es, o FESMURP \u00e9 uma oportunidade \u00fanica para quem carrega a viola no peito e a m\u00fasica raiz na alma. O trof\u00e9u desta edi\u00e7\u00e3o homenagear\u00e1 o saudoso Chico Almeida.<\/p>\n<p>Participe e ajude a manter viva essa tradi\u00e7\u00e3o!<\/p>\n","protected":false},"excerpt":{"rendered":"<p>A Prefeitura Municipal de Pardinho, em parceria com o Instituto Jatob\u00e1s e Centro Max Feffer, sob dire\u00e7\u00e3o e produ\u00e7\u00e3o da Casa dos Caipiras, convida as duplas de todo o Brasil a participarem do 15\u00ba FESMURP &#8211; Festival de M\u00fasica Raiz de Pardinho, que ser\u00e1 realizado nos dias 31 de outubro, 1\u00ba e 2 de novembro&#8230;<\/p>\n","protected":false},"author":1,"featured_media":458,"comment_status":"open","ping_status":"open","sticky":false,"template":"","format":"standard","meta":{"footnotes":""},"categories":[3],"tags":[],"class_list":["post-454","post","type-post","status-publish","format-standard","has-post-thumbnail","hentry","category-noticias"],"_links":{"self":[{"href":"https:\/\/pardinho.sp.gov.br\/portal\/wp-json\/wp\/v2\/posts\/454","targetHints":{"allow":["GET"]}}],"collection":[{"href":"https:\/\/pardinho.sp.gov.br\/portal\/wp-json\/wp\/v2\/posts"}],"about":[{"href":"https:\/\/pardinho.sp.gov.br\/portal\/wp-json\/wp\/v2\/types\/post"}],"author":[{"embeddable":true,"href":"https:\/\/pardinho.sp.gov.br\/portal\/wp-json\/wp\/v2\/users\/1"}],"replies":[{"embeddable":true,"href":"https:\/\/pardinho.sp.gov.br\/portal\/wp-json\/wp\/v2\/comments?post=454"}],"version-history":[{"count":2,"href":"https:\/\/pardinho.sp.gov.br\/portal\/wp-json\/wp\/v2\/posts\/454\/revisions"}],"predecessor-version":[{"id":457,"href":"https:\/\/pardinho.sp.gov.br\/portal\/wp-json\/wp\/v2\/posts\/454\/revisions\/457"}],"wp:featuredmedia":[{"embeddable":true,"href":"https:\/\/pardinho.sp.gov.br\/portal\/wp-json\/wp\/v2\/media\/458"}],"wp:attachment":[{"href":"https:\/\/pardinho.sp.gov.br\/portal\/wp-json\/wp\/v2\/media?parent=454"}],"wp:term":[{"taxonomy":"category","embeddable":true,"href":"https:\/\/pardinho.sp.gov.br\/portal\/wp-json\/wp\/v2\/categories?post=454"},{"taxonomy":"post_tag","embeddable":true,"href":"https:\/\/pardinho.sp.gov.br\/portal\/wp-json\/wp\/v2\/tags?post=454"}],"curies":[{"name":"wp","href":"https:\/\/api.w.org\/{rel}","templated":true}]}}